{"id":1156,"date":"2021-03-26T22:09:48","date_gmt":"2021-03-26T22:09:48","guid":{"rendered":"https:\/\/podcasty.polvision.com\/index.php\/2021\/03\/26\/monitor-komitet-parady-dnia-konstytucji-3-maja-oglasza-historyczny-konkurs\/"},"modified":"2021-03-26T22:09:48","modified_gmt":"2021-03-26T22:09:48","slug":"monitor-komitet-parady-dnia-konstytucji-3-maja-oglasza-historyczny-konkurs","status":"publish","type":"post","link":"https:\/\/podcasty.polvision.com\/index.php\/2021\/03\/26\/monitor-komitet-parady-dnia-konstytucji-3-maja-oglasza-historyczny-konkurs\/","title":{"rendered":"MONITOR Komitet Parady Dnia Konstytucji 3 Maja og\u0142asza historyczny konkurs"},"content":{"rendered":"<p><iframe loading=\"lazy\" title=\"MONITOR Komitet Parady Dnia Konstytucji 3 Maja og\u0142asza historyczny konkurs\" width=\"640\" height=\"360\" src=\"https:\/\/www.youtube.com\/embed\/-iTrM5kV8QI?feature=oembed\" frameborder=\"0\" allow=\"accelerometer; autoplay; clipboard-write; encrypted-media; gyroscope; picture-in-picture; web-share\" allowfullscreen><\/iframe><\/p>\n<p>Komitet Parady Dnia Konstytucji 3 Maja og\u0142asza historyczny konkurs plastyczny dla dzieci i m\u0142odzie\u017cy na temat &#8220;Polska Parada Dnia Konstytucji 3 Maja w Chicago&#8221;. <\/p>\n<p>Chcesz wiedzie\u0107 wi\u0119cej? Odwied\u017a nas na naszych stronach oraz mediach spo\u0142eczno\u015bciowych.<br \/>\n&#8212;&#8212;&#8212;&#8212;&#8212;&#8212;&#8212;&#8212;&#8212;&#8212;&#8212;&#8211;<br \/>\nMONITOR POLVISION<br \/>\n&#8212;&#8212;&#8212;&#8212;&#8212;&#8212;&#8212;&#8212;&#8212;&#8212;&#8212;&#8211;<br \/>\n<a href=\"http:\/\/www.polvision.com\" rel=\"nofollow\">http:\/\/www.polvision.com<\/a><br \/>\nfacebook.com\/TelewizjaPolvision<br \/>\n<a href=\"http:\/\/www.polskieradio.com\" rel=\"nofollow\">http:\/\/www.polskieradio.com<\/a><br \/>\nfacebook.com\/Polskie.Radio.1030.1300<\/p>\n","protected":false},"excerpt":{"rendered":"<p>Komitet Parady Dnia Konstytucji 3 Maja og\u0142asza historyczny konkurs plastyczny dla dzieci i m\u0142odzie\u017cy na temat &#8220;Polska Parada Dnia Konstytucji 3 Maja w Chicago&#8221;. <\/p>\n<p>Chcesz wiedzie\u0107 wi\u0119cej? Odwied\u017a nas na naszych stronach oraz mediach spo\u0142eczno\u015bciowych.<br \/>\n&#8212;&#8212;&#8212;&#8212;&#8212;&#8212;&#8212;&#8212;&#8212;&#8212;&#8212;&#8211;<br \/>\nMONITOR POLVISION<br \/>\n&#8212;&#8212;&#8212;&#8212;&#8212;&#8212;&#8212;&#8212;&#8212;&#8212;&#8212;&#8211;<br \/>\nwww.polvision.com<br \/>\nfacebook.com\/TelewizjaPolvision<br \/>\nwww.polskieradio.com<br \/>\nfacebook.com\/Polskie.Radio.1030.1300<\/p>\n","protected":false},"author":1,"featured_media":2788,"comment_status":"open","ping_status":"open","sticky":false,"template":"","format":"standard","meta":{"footnotes":""},"categories":[1],"tags":[],"class_list":["post-1156","post","type-post","status-publish","format-standard","has-post-thumbnail","hentry","category-tv-polvision-chicago"],"_links":{"self":[{"href":"https:\/\/podcasty.polvision.com\/index.php\/wp-json\/wp\/v2\/posts\/1156","targetHints":{"allow":["GET"]}}],"collection":[{"href":"https:\/\/podcasty.polvision.com\/index.php\/wp-json\/wp\/v2\/posts"}],"about":[{"href":"https:\/\/podcasty.polvision.com\/index.php\/wp-json\/wp\/v2\/types\/post"}],"author":[{"embeddable":true,"href":"https:\/\/podcasty.polvision.com\/index.php\/wp-json\/wp\/v2\/users\/1"}],"replies":[{"embeddable":true,"href":"https:\/\/podcasty.polvision.com\/index.php\/wp-json\/wp\/v2\/comments?post=1156"}],"version-history":[{"count":0,"href":"https:\/\/podcasty.polvision.com\/index.php\/wp-json\/wp\/v2\/posts\/1156\/revisions"}],"wp:featuredmedia":[{"embeddable":true,"href":"https:\/\/podcasty.polvision.com\/index.php\/wp-json\/wp\/v2\/media\/2788"}],"wp:attachment":[{"href":"https:\/\/podcasty.polvision.com\/index.php\/wp-json\/wp\/v2\/media?parent=1156"}],"wp:term":[{"taxonomy":"category","embeddable":true,"href":"https:\/\/podcasty.polvision.com\/index.php\/wp-json\/wp\/v2\/categories?post=1156"},{"taxonomy":"post_tag","embeddable":true,"href":"https:\/\/podcasty.polvision.com\/index.php\/wp-json\/wp\/v2\/tags?post=1156"}],"curies":[{"name":"wp","href":"https:\/\/api.w.org\/{rel}","templated":true}]}}