{"id":226,"date":"2023-01-31T01:15:00","date_gmt":"2023-01-31T01:15:00","guid":{"rendered":"https:\/\/podcasty.polvision.com\/index.php\/2023\/01\/31\/dzieci-mowia-2023-01-30-kostka-rubika-maksymilian-i-gabriel\/"},"modified":"2023-01-31T01:15:00","modified_gmt":"2023-01-31T01:15:00","slug":"dzieci-mowia-2023-01-30-kostka-rubika-maksymilian-i-gabriel","status":"publish","type":"post","link":"https:\/\/podcasty.polvision.com\/index.php\/2023\/01\/31\/dzieci-mowia-2023-01-30-kostka-rubika-maksymilian-i-gabriel\/","title":{"rendered":"Dzieci Mowia 2023-01-30 Kostka rubika &#8211; Maksymilian i Gabriel"},"content":{"rendered":"<p><iframe loading=\"lazy\" title=\"Dzieci Mowia 2023-01-30 Kostka rubika - Maksymilian i Gabriel\" width=\"640\" height=\"360\" src=\"https:\/\/www.youtube.com\/embed\/HkxI7QtIjcU?feature=oembed\" frameborder=\"0\" allow=\"accelerometer; autoplay; clipboard-write; encrypted-media; gyroscope; picture-in-picture; web-share\" allowfullscreen><\/iframe><\/p>\n<p>Chcesz wiedzie\u0107 wi\u0119cej?<br \/>\nOdwied\u017a nas na naszych stronach oraz mediach spo\u0142eczno\u015bciowych.<br \/>\n&#8212;&#8212;&#8212;&#8212;&#8212;&#8212;&#8212;&#8212;&#8212;&#8212;&#8212;&#8211;<br \/>\nPOLVISION<br \/>\n&#8212;&#8212;&#8212;&#8212;&#8212;&#8212;&#8212;&#8212;&#8212;&#8212;&#8212;&#8211;<br \/>\n<a href=\"http:\/\/www.polvision.com\" rel=\"nofollow\">http:\/\/www.polvision.com<\/a><br \/>\nfacebook.com\/TelewizjaPolvision<br \/>\n<a href=\"http:\/\/www.polskieradio.com\" rel=\"nofollow\">http:\/\/www.polskieradio.com<\/a><br \/>\nfacebook.com\/Polskie.Radio.1030.1300<\/p>\n","protected":false},"excerpt":{"rendered":"<p>Chcesz wiedzie\u0107 wi\u0119cej?<br \/>\nOdwied\u017a nas na naszych stronach oraz mediach spo\u0142eczno\u015bciowych.<br \/>\n&#8212;&#8212;&#8212;&#8212;&#8212;&#8212;&#8212;&#8212;&#8212;&#8212;&#8212;&#8211;<br \/>\nPOLVISION<br \/>\n&#8212;&#8212;&#8212;&#8212;&#8212;&#8212;&#8212;&#8212;&#8212;&#8212;&#8212;&#8211;<br \/>\nwww.polvision.com<br \/>\nfacebook.com\/TelewizjaPolvision<br \/>\nwww.polskieradio.com<br \/>\nfacebook.com\/Polskie.Radio.1030.1300<\/p>\n","protected":false},"author":1,"featured_media":1109,"comment_status":"open","ping_status":"open","sticky":false,"template":"","format":"standard","meta":{"footnotes":""},"categories":[1],"tags":[],"class_list":["post-226","post","type-post","status-publish","format-standard","has-post-thumbnail","hentry","category-tv-polvision-chicago"],"_links":{"self":[{"href":"https:\/\/podcasty.polvision.com\/index.php\/wp-json\/wp\/v2\/posts\/226","targetHints":{"allow":["GET"]}}],"collection":[{"href":"https:\/\/podcasty.polvision.com\/index.php\/wp-json\/wp\/v2\/posts"}],"about":[{"href":"https:\/\/podcasty.polvision.com\/index.php\/wp-json\/wp\/v2\/types\/post"}],"author":[{"embeddable":true,"href":"https:\/\/podcasty.polvision.com\/index.php\/wp-json\/wp\/v2\/users\/1"}],"replies":[{"embeddable":true,"href":"https:\/\/podcasty.polvision.com\/index.php\/wp-json\/wp\/v2\/comments?post=226"}],"version-history":[{"count":0,"href":"https:\/\/podcasty.polvision.com\/index.php\/wp-json\/wp\/v2\/posts\/226\/revisions"}],"wp:featuredmedia":[{"embeddable":true,"href":"https:\/\/podcasty.polvision.com\/index.php\/wp-json\/wp\/v2\/media\/1109"}],"wp:attachment":[{"href":"https:\/\/podcasty.polvision.com\/index.php\/wp-json\/wp\/v2\/media?parent=226"}],"wp:term":[{"taxonomy":"category","embeddable":true,"href":"https:\/\/podcasty.polvision.com\/index.php\/wp-json\/wp\/v2\/categories?post=226"},{"taxonomy":"post_tag","embeddable":true,"href":"https:\/\/podcasty.polvision.com\/index.php\/wp-json\/wp\/v2\/tags?post=226"}],"curies":[{"name":"wp","href":"https:\/\/api.w.org\/{rel}","templated":true}]}}