{"id":2547,"date":"2013-05-03T19:26:31","date_gmt":"2013-05-03T19:26:31","guid":{"rendered":"https:\/\/podcasty.polvision.com\/index.php\/2013\/05\/03\/no-comment-2013-05-01-marsz-imigranta\/"},"modified":"2013-05-03T19:26:31","modified_gmt":"2013-05-03T19:26:31","slug":"no-comment-2013-05-01-marsz-imigranta","status":"publish","type":"post","link":"https:\/\/podcasty.polvision.com\/index.php\/2013\/05\/03\/no-comment-2013-05-01-marsz-imigranta\/","title":{"rendered":"NO COMMENT 2013-05-01 &#8211; Marsz Imigranta"},"content":{"rendered":"<p><iframe loading=\"lazy\" title=\"NO COMMENT  2013-05-01 - Marsz Imigranta\" width=\"640\" height=\"360\" src=\"https:\/\/www.youtube.com\/embed\/1j5GxV-UQ3E?feature=oembed\" frameborder=\"0\" allow=\"accelerometer; autoplay; clipboard-write; encrypted-media; gyroscope; picture-in-picture; web-share\" allowfullscreen><\/iframe><\/p>\n<p>Marsz Imigranta przeszed\u0142 ulicami Chicago. May Day Rally organizowany jest od 2006 roku przy okazji obchod\u00f3w Mi\u0119dzynarodowego \u015awi\u0119ta Pracy, kt\u00f3re sw\u00f3j pocz\u0105tek ma w\u0142a\u015bnie w Chicago. W sobot\u0119 1 maja 1886 roku 35 tys. robotnik\u00f3w porzuci\u0142o prac\u0119 i wysz\u0142o na ulice miasta domagaj\u0105c si\u0119 8-godzinnego dnia pracy. W tym roku \u015brodowiska imigranckie apelowa\u0142y do Kongresu o uchwalenie ca\u0142o\u015bciowej reformy imigracyjnej. Obecny na Federal Plaza senator Dick Durbin powiedzia\u0142, \u017ce ju\u017c za tydzie\u0144 rozpocznie si\u0119 pierwsze czytanie projektu reformy w senacie.<\/p>\n","protected":false},"excerpt":{"rendered":"<p>Marsz Imigranta przeszed\u0142 ulicami Chicago. May Day Rally organizowany jest od 2006 roku przy okazji obchod\u00f3w Mi\u0119dzynarodowego \u015awi\u0119ta Pracy, kt\u00f3re sw\u00f3j pocz\u0105tek ma w\u0142a\u015bnie w Chicago. W sobot\u0119 1 maja 1886 roku 35 tys. robotnik\u00f3w porzuci\u0142o prac\u0119 i wysz\u0142o na ulice miasta domagaj\u0105c si\u0119 8-godzinnego dnia pracy. W tym roku \u015brodowiska imigranckie apelowa\u0142y do Kongresu o uchwalenie ca\u0142o\u015bciowej reformy imigracyjnej. Obecny na Federal Plaza senator Dick Durbin powiedzia\u0142, \u017ce ju\u017c za tydzie\u0144 rozpocznie si\u0119 pierwsze czytanie projektu reformy w senacie.<\/p>\n","protected":false},"author":1,"featured_media":3402,"comment_status":"open","ping_status":"open","sticky":false,"template":"","format":"standard","meta":{"footnotes":""},"categories":[1],"tags":[],"class_list":["post-2547","post","type-post","status-publish","format-standard","has-post-thumbnail","hentry","category-tv-polvision-chicago"],"_links":{"self":[{"href":"https:\/\/podcasty.polvision.com\/index.php\/wp-json\/wp\/v2\/posts\/2547","targetHints":{"allow":["GET"]}}],"collection":[{"href":"https:\/\/podcasty.polvision.com\/index.php\/wp-json\/wp\/v2\/posts"}],"about":[{"href":"https:\/\/podcasty.polvision.com\/index.php\/wp-json\/wp\/v2\/types\/post"}],"author":[{"embeddable":true,"href":"https:\/\/podcasty.polvision.com\/index.php\/wp-json\/wp\/v2\/users\/1"}],"replies":[{"embeddable":true,"href":"https:\/\/podcasty.polvision.com\/index.php\/wp-json\/wp\/v2\/comments?post=2547"}],"version-history":[{"count":0,"href":"https:\/\/podcasty.polvision.com\/index.php\/wp-json\/wp\/v2\/posts\/2547\/revisions"}],"wp:featuredmedia":[{"embeddable":true,"href":"https:\/\/podcasty.polvision.com\/index.php\/wp-json\/wp\/v2\/media\/3402"}],"wp:attachment":[{"href":"https:\/\/podcasty.polvision.com\/index.php\/wp-json\/wp\/v2\/media?parent=2547"}],"wp:term":[{"taxonomy":"category","embeddable":true,"href":"https:\/\/podcasty.polvision.com\/index.php\/wp-json\/wp\/v2\/categories?post=2547"},{"taxonomy":"post_tag","embeddable":true,"href":"https:\/\/podcasty.polvision.com\/index.php\/wp-json\/wp\/v2\/tags?post=2547"}],"curies":[{"name":"wp","href":"https:\/\/api.w.org\/{rel}","templated":true}]}}