{"id":2551,"date":"2013-04-30T17:11:52","date_gmt":"2013-04-30T17:11:52","guid":{"rendered":"https:\/\/podcasty.polvision.com\/index.php\/2013\/04\/30\/no-comment-2013-04-28-przejazd-motocyklowy-ku-czci-papieza\/"},"modified":"2013-04-30T17:11:52","modified_gmt":"2013-04-30T17:11:52","slug":"no-comment-2013-04-28-przejazd-motocyklowy-ku-czci-papieza","status":"publish","type":"post","link":"https:\/\/podcasty.polvision.com\/index.php\/2013\/04\/30\/no-comment-2013-04-28-przejazd-motocyklowy-ku-czci-papieza\/","title":{"rendered":"NO COMMENT 2013-04-28 &#8211; Przejazd motocyklowy ku czci Papieza"},"content":{"rendered":"<p><iframe loading=\"lazy\" title=\"NO COMMENT  2013-04-28 - Przejazd motocyklowy ku czci Papieza\" width=\"640\" height=\"360\" src=\"https:\/\/www.youtube.com\/embed\/crz7QFkKxlw?feature=oembed\" frameborder=\"0\" allow=\"accelerometer; autoplay; clipboard-write; encrypted-media; gyroscope; picture-in-picture; web-share\" allowfullscreen><\/iframe><\/p>\n<p>VIII przejazd motocyklowy ku czci b\u0142. Jana Paw\u0142a II w druga rocznic\u0119 Jego beatyfikacji. Polonijni motocykli\u015bci przejechali ulicami Chicago do ko\u015bcio\u0142a \u015aw. Heleny aby uczcic pamie\u0107 Jana Paw\u0142a II. Po mszy \u015bwi\u0119tej odby\u0142o si\u0119 po\u015bwi\u0119cenie motocykli na nowy sezon. By\u0142 to dzie\u0144 jedno\u015bci i dumy polskich motocyklist\u00f3w. Organizatorem wydarzenia by\u0142 Soko\u0142 Riders MA<\/p>\n","protected":false},"excerpt":{"rendered":"<p>VIII przejazd motocyklowy ku czci b\u0142. Jana Paw\u0142a II w druga rocznic\u0119 Jego beatyfikacji. Polonijni motocykli\u015bci przejechali ulicami Chicago do ko\u015bcio\u0142a \u015aw. Heleny aby uczcic pamie\u0107 Jana Paw\u0142a II. Po mszy \u015bwi\u0119tej odby\u0142o si\u0119 po\u015bwi\u0119cenie motocykli na nowy sezon. By\u0142 to dzie\u0144 jedno\u015bci i dumy polskich motocyklist\u00f3w. Organizatorem wydarzenia by\u0142 Soko\u0142 Riders MA<\/p>\n","protected":false},"author":1,"featured_media":3404,"comment_status":"open","ping_status":"open","sticky":false,"template":"","format":"standard","meta":{"footnotes":""},"categories":[1],"tags":[],"class_list":["post-2551","post","type-post","status-publish","format-standard","has-post-thumbnail","hentry","category-tv-polvision-chicago"],"_links":{"self":[{"href":"https:\/\/podcasty.polvision.com\/index.php\/wp-json\/wp\/v2\/posts\/2551","targetHints":{"allow":["GET"]}}],"collection":[{"href":"https:\/\/podcasty.polvision.com\/index.php\/wp-json\/wp\/v2\/posts"}],"about":[{"href":"https:\/\/podcasty.polvision.com\/index.php\/wp-json\/wp\/v2\/types\/post"}],"author":[{"embeddable":true,"href":"https:\/\/podcasty.polvision.com\/index.php\/wp-json\/wp\/v2\/users\/1"}],"replies":[{"embeddable":true,"href":"https:\/\/podcasty.polvision.com\/index.php\/wp-json\/wp\/v2\/comments?post=2551"}],"version-history":[{"count":0,"href":"https:\/\/podcasty.polvision.com\/index.php\/wp-json\/wp\/v2\/posts\/2551\/revisions"}],"wp:featuredmedia":[{"embeddable":true,"href":"https:\/\/podcasty.polvision.com\/index.php\/wp-json\/wp\/v2\/media\/3404"}],"wp:attachment":[{"href":"https:\/\/podcasty.polvision.com\/index.php\/wp-json\/wp\/v2\/media?parent=2551"}],"wp:term":[{"taxonomy":"category","embeddable":true,"href":"https:\/\/podcasty.polvision.com\/index.php\/wp-json\/wp\/v2\/categories?post=2551"},{"taxonomy":"post_tag","embeddable":true,"href":"https:\/\/podcasty.polvision.com\/index.php\/wp-json\/wp\/v2\/tags?post=2551"}],"curies":[{"name":"wp","href":"https:\/\/api.w.org\/{rel}","templated":true}]}}