{"id":2571,"date":"2013-04-17T03:05:45","date_gmt":"2013-04-17T03:05:45","guid":{"rendered":"https:\/\/podcasty.polvision.com\/index.php\/2013\/04\/17\/no-comment-2013-04-06-25-lat-fundacji-dar-serca\/"},"modified":"2013-04-17T03:05:45","modified_gmt":"2013-04-17T03:05:45","slug":"no-comment-2013-04-06-25-lat-fundacji-dar-serca","status":"publish","type":"post","link":"https:\/\/podcasty.polvision.com\/index.php\/2013\/04\/17\/no-comment-2013-04-06-25-lat-fundacji-dar-serca\/","title":{"rendered":"NO COMMENT &#8211; 2013-04-06 &#8211; 25 lat Fundacji Dar Serca"},"content":{"rendered":"<p><iframe loading=\"lazy\" title=\"NO COMMENT - 2013-04-06 -  25 lat Fundacji Dar Serca\" width=\"640\" height=\"360\" src=\"https:\/\/www.youtube.com\/embed\/S8Z6JAADDSw?feature=oembed\" frameborder=\"0\" allow=\"accelerometer; autoplay; clipboard-write; encrypted-media; gyroscope; picture-in-picture; web-share\" allowfullscreen><\/iframe><\/p>\n<p>25 lat dzia\u0142alno\u015bci Fundacji Dar Serca to wiele powod\u00f3w do rado\u015bci i \u015bwi\u0119towania. Przez ten czas Fundacja pomog\u0142a ponad sze\u015bciuset dzieciom. Pomaganie dzieciom jest szlachetne, ale pomaganie chorym lub kalekim dzieciom jest wyj\u0105tkowo szlachetne, a to jest w\u0142a\u015bnie cel &#8220;Daru Serca&#8221;. W tym roku g\u0142\u00f3wn\u0105 nagrod\u0119 Fundacja przyzna\u0142a korporacji Polnet Communications na antenach kt\u00f3rego podczas radiotonu zbierana jest wiekszo\u015b\u0107 funduszy przeznaczanych na pomoc dzieciom.<\/p>\n","protected":false},"excerpt":{"rendered":"<p>25 lat dzia\u0142alno\u015bci Fundacji Dar Serca to wiele powod\u00f3w do rado\u015bci i \u015bwi\u0119towania. Przez ten czas Fundacja pomog\u0142a ponad sze\u015bciuset dzieciom. Pomaganie dzieciom jest szlachetne, ale pomaganie chorym lub kalekim dzieciom jest wyj\u0105tkowo szlachetne, a to jest w\u0142a\u015bnie cel &#8220;Daru Serca&#8221;. W tym roku g\u0142\u00f3wn\u0105 nagrod\u0119 Fundacja przyzna\u0142a korporacji Polnet Communications na antenach kt\u00f3rego podczas radiotonu zbierana jest wiekszo\u015b\u0107 funduszy przeznaczanych na pomoc dzieciom.<\/p>\n","protected":false},"author":1,"featured_media":3414,"comment_status":"open","ping_status":"open","sticky":false,"template":"","format":"standard","meta":{"footnotes":""},"categories":[1],"tags":[],"class_list":["post-2571","post","type-post","status-publish","format-standard","has-post-thumbnail","hentry","category-tv-polvision-chicago"],"_links":{"self":[{"href":"https:\/\/podcasty.polvision.com\/index.php\/wp-json\/wp\/v2\/posts\/2571","targetHints":{"allow":["GET"]}}],"collection":[{"href":"https:\/\/podcasty.polvision.com\/index.php\/wp-json\/wp\/v2\/posts"}],"about":[{"href":"https:\/\/podcasty.polvision.com\/index.php\/wp-json\/wp\/v2\/types\/post"}],"author":[{"embeddable":true,"href":"https:\/\/podcasty.polvision.com\/index.php\/wp-json\/wp\/v2\/users\/1"}],"replies":[{"embeddable":true,"href":"https:\/\/podcasty.polvision.com\/index.php\/wp-json\/wp\/v2\/comments?post=2571"}],"version-history":[{"count":0,"href":"https:\/\/podcasty.polvision.com\/index.php\/wp-json\/wp\/v2\/posts\/2571\/revisions"}],"wp:featuredmedia":[{"embeddable":true,"href":"https:\/\/podcasty.polvision.com\/index.php\/wp-json\/wp\/v2\/media\/3414"}],"wp:attachment":[{"href":"https:\/\/podcasty.polvision.com\/index.php\/wp-json\/wp\/v2\/media?parent=2571"}],"wp:term":[{"taxonomy":"category","embeddable":true,"href":"https:\/\/podcasty.polvision.com\/index.php\/wp-json\/wp\/v2\/categories?post=2571"},{"taxonomy":"post_tag","embeddable":true,"href":"https:\/\/podcasty.polvision.com\/index.php\/wp-json\/wp\/v2\/tags?post=2571"}],"curies":[{"name":"wp","href":"https:\/\/api.w.org\/{rel}","templated":true}]}}