{"id":329,"date":"2022-11-19T01:00:09","date_gmt":"2022-11-19T01:00:09","guid":{"rendered":"https:\/\/podcasty.polvision.com\/index.php\/2022\/11\/19\/gosc-dnia-2022-11-18-agnieszka-radzikowska-i-alina-chechelska-z-filmu-strzepy\/"},"modified":"2022-11-19T01:00:09","modified_gmt":"2022-11-19T01:00:09","slug":"gosc-dnia-2022-11-18-agnieszka-radzikowska-i-alina-chechelska-z-filmu-strzepy","status":"publish","type":"post","link":"https:\/\/podcasty.polvision.com\/index.php\/2022\/11\/19\/gosc-dnia-2022-11-18-agnieszka-radzikowska-i-alina-chechelska-z-filmu-strzepy\/","title":{"rendered":"Gosc Dnia 2022 11 18 Agnieszka Radzikowska i Alina Chechelska z filmu Strz\u0119py"},"content":{"rendered":"<p><iframe loading=\"lazy\" title=\"Gosc Dnia   2022 11 18   Agnieszka Radzikowska i Alina Chechelska z filmu Strz\u0119py\" width=\"640\" height=\"360\" src=\"https:\/\/www.youtube.com\/embed\/KvFXjX1FUq4?feature=oembed\" frameborder=\"0\" allow=\"accelerometer; autoplay; clipboard-write; encrypted-media; gyroscope; picture-in-picture; web-share\" allowfullscreen><\/iframe><\/p>\n<p>Agnieszka Radzikowska i Alina Chechelska z filmu Strz\u0119py<br \/>\nChcesz wiedzie\u0107 wi\u0119cej?<br \/>\nOdwied\u017a nas na naszych stronach oraz mediach spo\u0142eczno\u015bciowych.<br \/>\n&#8212;&#8212;&#8212;&#8212;&#8212;&#8212;&#8212;&#8212;&#8212;&#8212;&#8212;&#8211;<br \/>\nPOLVISION<br \/>\n&#8212;&#8212;&#8212;&#8212;&#8212;&#8212;&#8212;&#8212;&#8212;&#8212;&#8212;&#8211;<br \/>\n<a href=\"http:\/\/www.polvision.com\" rel=\"nofollow\">http:\/\/www.polvision.com<\/a><br \/>\nfacebook.com\/TelewizjaPolvision<br \/>\n<a href=\"http:\/\/www.polskieradio.com\" rel=\"nofollow\">http:\/\/www.polskieradio.com<\/a><br \/>\nfacebook.com\/Polskie.Radio.1030.1300<\/p>\n","protected":false},"excerpt":{"rendered":"<p>Agnieszka Radzikowska i Alina Chechelska z filmu Strz\u0119py<br \/>\nChcesz wiedzie\u0107 wi\u0119cej?<br \/>\nOdwied\u017a nas na naszych stronach oraz mediach spo\u0142eczno\u015bciowych.<br \/>\n&#8212;&#8212;&#8212;&#8212;&#8212;&#8212;&#8212;&#8212;&#8212;&#8212;&#8212;&#8211;<br \/>\nPOLVISION<br \/>\n&#8212;&#8212;&#8212;&#8212;&#8212;&#8212;&#8212;&#8212;&#8212;&#8212;&#8212;&#8211;<br \/>\nwww.polvision.com<br \/>\nfacebook.com\/TelewizjaPolvision<br \/>\nwww.polskieradio.com<br \/>\nfacebook.com\/Polskie.Radio.1030.1300<\/p>\n","protected":false},"author":1,"featured_media":1266,"comment_status":"open","ping_status":"open","sticky":false,"template":"","format":"standard","meta":{"footnotes":""},"categories":[1],"tags":[],"class_list":["post-329","post","type-post","status-publish","format-standard","has-post-thumbnail","hentry","category-tv-polvision-chicago"],"_links":{"self":[{"href":"https:\/\/podcasty.polvision.com\/index.php\/wp-json\/wp\/v2\/posts\/329","targetHints":{"allow":["GET"]}}],"collection":[{"href":"https:\/\/podcasty.polvision.com\/index.php\/wp-json\/wp\/v2\/posts"}],"about":[{"href":"https:\/\/podcasty.polvision.com\/index.php\/wp-json\/wp\/v2\/types\/post"}],"author":[{"embeddable":true,"href":"https:\/\/podcasty.polvision.com\/index.php\/wp-json\/wp\/v2\/users\/1"}],"replies":[{"embeddable":true,"href":"https:\/\/podcasty.polvision.com\/index.php\/wp-json\/wp\/v2\/comments?post=329"}],"version-history":[{"count":0,"href":"https:\/\/podcasty.polvision.com\/index.php\/wp-json\/wp\/v2\/posts\/329\/revisions"}],"wp:featuredmedia":[{"embeddable":true,"href":"https:\/\/podcasty.polvision.com\/index.php\/wp-json\/wp\/v2\/media\/1266"}],"wp:attachment":[{"href":"https:\/\/podcasty.polvision.com\/index.php\/wp-json\/wp\/v2\/media?parent=329"}],"wp:term":[{"taxonomy":"category","embeddable":true,"href":"https:\/\/podcasty.polvision.com\/index.php\/wp-json\/wp\/v2\/categories?post=329"},{"taxonomy":"post_tag","embeddable":true,"href":"https:\/\/podcasty.polvision.com\/index.php\/wp-json\/wp\/v2\/tags?post=329"}],"curies":[{"name":"wp","href":"https:\/\/api.w.org\/{rel}","templated":true}]}}